{"id":3985,"date":"2026-08-18T13:54:40","date_gmt":"2026-08-18T13:54:40","guid":{"rendered":"http:\/\/icm.sites.uff.br\/?p=3985"},"modified":"2026-08-18T13:54:40","modified_gmt":"2026-08-18T13:54:40","slug":"palestra-sobre-os-desafios-da-gestao-dos-riscos-psicossociais-no-trabalho-nr-1-na-area-de-petroleo-e-gas","status":"publish","type":"post","link":"http:\/\/icm.sites.uff.br\/?p=3985","title":{"rendered":"Palestra sobre: Os desafios da gest\u00e3o dos riscos psicossociais no trabalho (NR-1) na \u00e1rea de petr\u00f3leo e g\u00e1s"},"content":{"rendered":"\n<figure class=\"wp-block-image size-full is-resized\"><img loading=\"lazy\" decoding=\"async\" width=\"918\" height=\"1018\" src=\"http:\/\/icm.sites.uff.br\/wp-content\/uploads\/sites\/20\/2026\/08\/Cafe-com-RH-01-10-2026.jpeg\" alt=\"\" class=\"wp-image-3986\" style=\"object-fit:cover;width:590px;height:650px\" srcset=\"http:\/\/icm.sites.uff.br\/wp-content\/uploads\/sites\/20\/2026\/08\/Cafe-com-RH-01-10-2026.jpeg 918w, http:\/\/icm.sites.uff.br\/wp-content\/uploads\/sites\/20\/2026\/08\/Cafe-com-RH-01-10-2026-271x300.jpeg 271w, http:\/\/icm.sites.uff.br\/wp-content\/uploads\/sites\/20\/2026\/08\/Cafe-com-RH-01-10-2026-768x852.jpeg 768w\" sizes=\"auto, (max-width: 918px) 100vw, 918px\" \/><\/figure>\n\n<p><font size=\"3\"> <\/p><\/font>\n<p><font size=\"3\">Assessoria de Comunica\u00e7\u00e3o<\/p><\/font>\n<p><font size=\"3\">Gerenciar os riscos psicossociais na ind\u00fastria de petr\u00f3leo e g\u00e1s, \u00e0 luz da nova NR-1, envolve enfrentar fatores como o isolamento em unidades offshore, jornadas e turnos exaustivos, elevada press\u00e3o por resultados e outros elementos que podem impactar a sa\u00fade mental e o bem-estar dos trabalhadores.<\/p><\/font>\n<p><font size=\"3\">Diante desse cen\u00e1rio, o projeto de extens\u00e3o Caf\u00e9 com RH UFF convida a comunidade acad\u00eamica, profissionais e demais interessados para o evento &#8220;Os desafios da gest\u00e3o dos riscos psicossociais no trabalho (NR-1) na \u00e1rea de petr\u00f3leo e g\u00e1s&#8221;. <\/p><\/font>\n<p><font size=\"3\">O encontro promover\u00e1 um espa\u00e7o de di\u00e1logo, reflex\u00e3o e troca de conhecimentos sobre os desafios da implementa\u00e7\u00e3o da NR-1 em um setor historicamente marcado por atividades de alta complexidade, elevada periculosidade e opera\u00e7\u00f5es cr\u00edticas. <\/p><\/font>\n<p><font size=\"3\">Ser\u00e3o debatidos os impactos da nova regulamenta\u00e7\u00e3o, os desafios para a gest\u00e3o dos riscos psicossociais e as estrat\u00e9gias para fortalecer a sa\u00fade, a seguran\u00e7a e a qualidade de vida no trabalho.<\/p><\/font>\n<p><font size=\"3\">Participe desta importante conversa e venha contribuir para a constru\u00e7\u00e3o de ambientes de trabalho mais humanos, seguros e saud\u00e1veis.<\/p><\/font>\n<p><font size=\"3\">O evento ser\u00e1 online na plataforma Google Meet.<\/p><\/font>\n<p><font size=\"3\">Data: 01\/10\/2026, \u00e0s 19h.<\/p><\/font>\n\n<figure class=\"wp-block-image size-large is-resized\"><img loading=\"lazy\" decoding=\"async\" width=\"878\" height=\"1024\" src=\"http:\/\/icm.sites.uff.br\/wp-content\/uploads\/sites\/20\/2026\/08\/Cafe-com-RH-01-10-2026-1-878x1024.jpeg\" alt=\"\" class=\"wp-image-3987\" style=\"object-fit:cover;width:590px;height:590px\" srcset=\"http:\/\/icm.sites.uff.br\/wp-content\/uploads\/sites\/20\/2026\/08\/Cafe-com-RH-01-10-2026-1-878x1024.jpeg 878w, http:\/\/icm.sites.uff.br\/wp-content\/uploads\/sites\/20\/2026\/08\/Cafe-com-RH-01-10-2026-1-257x300.jpeg 257w, http:\/\/icm.sites.uff.br\/wp-content\/uploads\/sites\/20\/2026\/08\/Cafe-com-RH-01-10-2026-1-768x896.jpeg 768w, http:\/\/icm.sites.uff.br\/wp-content\/uploads\/sites\/20\/2026\/08\/Cafe-com-RH-01-10-2026-1.jpeg 918w\" sizes=\"auto, (max-width: 878px) 100vw, 878px\" \/><\/figure>\n\n\n\n<figure class=\"wp-block-image size-full is-resized\"><img loading=\"lazy\" decoding=\"async\" width=\"926\" height=\"935\" src=\"http:\/\/icm.sites.uff.br\/wp-content\/uploads\/sites\/20\/2026\/08\/Cafe-com-RH-01-10-2026-2.jpeg\" alt=\"\" class=\"wp-image-3988\" style=\"object-fit:cover;width:590px;height:590px\" srcset=\"http:\/\/icm.sites.uff.br\/wp-content\/uploads\/sites\/20\/2026\/08\/Cafe-com-RH-01-10-2026-2.jpeg 926w, http:\/\/icm.sites.uff.br\/wp-content\/uploads\/sites\/20\/2026\/08\/Cafe-com-RH-01-10-2026-2-297x300.jpeg 297w, http:\/\/icm.sites.uff.br\/wp-content\/uploads\/sites\/20\/2026\/08\/Cafe-com-RH-01-10-2026-2-150x150.jpeg 150w, http:\/\/icm.sites.uff.br\/wp-content\/uploads\/sites\/20\/2026\/08\/Cafe-com-RH-01-10-2026-2-768x775.jpeg 768w\" sizes=\"auto, (max-width: 926px) 100vw, 926px\" \/><\/figure>\n","protected":false},"excerpt":{"rendered":"<p>Assessoria de Comunica\u00e7\u00e3o Gerenciar os riscos psicossociais na ind\u00fastria de petr\u00f3leo e g\u00e1s, \u00e0 luz da nova NR-1, envolve enfrentar fatores como o isolamento em unidades offshore, jornadas e turnos exaustivos, elevada press\u00e3o por resultados e outros elementos que podem impactar a sa\u00fade mental e o bem-estar dos trabalhadores. Diante desse cen\u00e1rio, o projeto de [&hellip;]<\/p>\n","protected":false},"author":19,"featured_media":0,"comment_status":"closed","ping_status":"closed","sticky":false,"template":"","format":"standard","meta":{"_exactmetrics_skip_tracking":false,"_exactmetrics_sitenote_active":false,"_exactmetrics_sitenote_note":"","_exactmetrics_sitenote_category":0,"footnotes":""},"categories":[2,4],"tags":[],"class_list":["post-3985","post","type-post","status-publish","format-standard","hentry","category-destaques","category-noticias"],"_links":{"self":[{"href":"http:\/\/icm.sites.uff.br\/index.php?rest_route=\/wp\/v2\/posts\/3985","targetHints":{"allow":["GET"]}}],"collection":[{"href":"http:\/\/icm.sites.uff.br\/index.php?rest_route=\/wp\/v2\/posts"}],"about":[{"href":"http:\/\/icm.sites.uff.br\/index.php?rest_route=\/wp\/v2\/types\/post"}],"author":[{"embeddable":true,"href":"http:\/\/icm.sites.uff.br\/index.php?rest_route=\/wp\/v2\/users\/19"}],"replies":[{"embeddable":true,"href":"http:\/\/icm.sites.uff.br\/index.php?rest_route=%2Fwp%2Fv2%2Fcomments&post=3985"}],"version-history":[{"count":1,"href":"http:\/\/icm.sites.uff.br\/index.php?rest_route=\/wp\/v2\/posts\/3985\/revisions"}],"predecessor-version":[{"id":3989,"href":"http:\/\/icm.sites.uff.br\/index.php?rest_route=\/wp\/v2\/posts\/3985\/revisions\/3989"}],"wp:attachment":[{"href":"http:\/\/icm.sites.uff.br\/index.php?rest_route=%2Fwp%2Fv2%2Fmedia&parent=3985"}],"wp:term":[{"taxonomy":"category","embeddable":true,"href":"http:\/\/icm.sites.uff.br\/index.php?rest_route=%2Fwp%2Fv2%2Fcategories&post=3985"},{"taxonomy":"post_tag","embeddable":true,"href":"http:\/\/icm.sites.uff.br\/index.php?rest_route=%2Fwp%2Fv2%2Ftags&post=3985"}],"curies":[{"name":"wp","href":"https:\/\/api.w.org\/{rel}","templated":true}]}}