{"id":3980,"date":"2026-08-18T13:47:21","date_gmt":"2026-08-18T13:47:21","guid":{"rendered":"http:\/\/icm.sites.uff.br\/?p=3980"},"modified":"2026-08-18T13:47:21","modified_gmt":"2026-08-18T13:47:21","slug":"cafe-com-rh-promove-evento-sobre-violencia-no-trabalho-contra-as-mulheres","status":"publish","type":"post","link":"http:\/\/icm.sites.uff.br\/?p=3980","title":{"rendered":"Caf\u00e9 com RH promove evento sobre viol\u00eancia no trabalho contra as mulheres"},"content":{"rendered":"\n<figure class=\"wp-block-image size-full is-resized\"><img loading=\"lazy\" decoding=\"async\" width=\"929\" height=\"932\" src=\"http:\/\/icm.sites.uff.br\/wp-content\/uploads\/sites\/20\/2026\/08\/Cafe-com-RH-02-09-2026.jpeg\" alt=\"\" class=\"wp-image-3981\" style=\"object-fit:cover;width:590px;height:590px\" srcset=\"http:\/\/icm.sites.uff.br\/wp-content\/uploads\/sites\/20\/2026\/08\/Cafe-com-RH-02-09-2026.jpeg 929w, http:\/\/icm.sites.uff.br\/wp-content\/uploads\/sites\/20\/2026\/08\/Cafe-com-RH-02-09-2026-300x300.jpeg 300w, http:\/\/icm.sites.uff.br\/wp-content\/uploads\/sites\/20\/2026\/08\/Cafe-com-RH-02-09-2026-150x150.jpeg 150w, http:\/\/icm.sites.uff.br\/wp-content\/uploads\/sites\/20\/2026\/08\/Cafe-com-RH-02-09-2026-768x770.jpeg 768w\" sizes=\"auto, (max-width: 929px) 100vw, 929px\" \/><\/figure>\n\n<p><font size=\"3\"> <\/p><\/font>\n<p><font size=\"3\">Assessoria de Comunica\u00e7\u00e3o<\/p><\/font>\n<p><font size=\"3\"> A viol\u00eancia contra as mulheres no ambiente de trabalho nem sempre \u00e9 expl\u00edcita. Muitas vezes, ela se manifesta de forma silenciosa: em coment\u00e1rios depreciativos, constrangimentos, ass\u00e9dios, deslegitima\u00e7\u00e3o de compet\u00eancias, exclus\u00e3o de espa\u00e7os de decis\u00e3o etc. <\/p><\/font> \n<p><font size=\"3\"> No evento &#8220;A Viol\u00eancia no trabalho velada contra as mulheres&#8221;, o Caf\u00e9 com RH promover\u00e1 um espa\u00e7o de di\u00e1logo, reflex\u00e3o e conscientiza\u00e7\u00e3o sobre as diversas formas de viol\u00eancia que atingem mulheres em suas trajet\u00f3rias profissionais. Debateremos como o ass\u00e9dio moral, sexual e outras viol\u00eancias s\u00e3o sustentados por estruturas marcadas pelo machismo e pelo patriarcado, contribuindo para o silenciamento de in\u00fameras trabalhadoras. <\/p><\/font>\n<p><font size=\"3\"> A viol\u00eancia simb\u00f3lica perpetua rela\u00e7\u00f5es desiguais de poder e faz com que pr\u00e1ticas abusivas sejam frequentemente aceitas na rotina. Romper esse ciclo exige educa\u00e7\u00e3o, escuta e compromisso coletivo. Dar voz \u00e0s mulheres evitando que sejam silenciadas e implantar toler\u00e2ncia zero a qualquer tipo de viol\u00eancia com medidas preventivas e punitivas s\u00e3o iniciativas fundamentais para transformar o ambiente de trabalho em um espa\u00e7o mais seguro, digno e igualit\u00e1rio. <\/p><\/font>\n<p><font size=\"3\"> O evento ser\u00e1 online na plataforma Google Meet. <\/p><\/font>\n<p><font size=\"3\"> Data: 02 de setembro, \u00e0s 19h. <\/p><\/font>\n<p><font size=\"3\"> Inscri\u00e7\u00f5es atrav\u00e9s do link: <a href=\"\/\/www.extensao.uff.br\/inscricao\/?id=16659\">https:\/\/www.extensao.uff.br\/inscricao\/?id=16659<\/a><\/p><\/font>\n\n<figure class=\"wp-block-image size-full is-resized\"><img loading=\"lazy\" decoding=\"async\" width=\"929\" height=\"938\" src=\"http:\/\/icm.sites.uff.br\/wp-content\/uploads\/sites\/20\/2026\/08\/Cafe-com-RH-02-09-2026-1.jpeg\" alt=\"\" class=\"wp-image-3982\" style=\"object-fit:cover;width:590px;height:590px\" srcset=\"http:\/\/icm.sites.uff.br\/wp-content\/uploads\/sites\/20\/2026\/08\/Cafe-com-RH-02-09-2026-1.jpeg 929w, http:\/\/icm.sites.uff.br\/wp-content\/uploads\/sites\/20\/2026\/08\/Cafe-com-RH-02-09-2026-1-297x300.jpeg 297w, http:\/\/icm.sites.uff.br\/wp-content\/uploads\/sites\/20\/2026\/08\/Cafe-com-RH-02-09-2026-1-150x150.jpeg 150w, http:\/\/icm.sites.uff.br\/wp-content\/uploads\/sites\/20\/2026\/08\/Cafe-com-RH-02-09-2026-1-768x775.jpeg 768w\" sizes=\"auto, (max-width: 929px) 100vw, 929px\" \/><\/figure>\n\n\n\n<figure class=\"wp-block-image size-full is-resized\"><img loading=\"lazy\" decoding=\"async\" width=\"941\" height=\"932\" src=\"http:\/\/icm.sites.uff.br\/wp-content\/uploads\/sites\/20\/2026\/08\/Cafe-com-RH-02-09-2026-2.jpeg\" alt=\"\" class=\"wp-image-3983\" style=\"object-fit:cover;width:590px;height:590px\" srcset=\"http:\/\/icm.sites.uff.br\/wp-content\/uploads\/sites\/20\/2026\/08\/Cafe-com-RH-02-09-2026-2.jpeg 941w, http:\/\/icm.sites.uff.br\/wp-content\/uploads\/sites\/20\/2026\/08\/Cafe-com-RH-02-09-2026-2-300x297.jpeg 300w, http:\/\/icm.sites.uff.br\/wp-content\/uploads\/sites\/20\/2026\/08\/Cafe-com-RH-02-09-2026-2-150x150.jpeg 150w, http:\/\/icm.sites.uff.br\/wp-content\/uploads\/sites\/20\/2026\/08\/Cafe-com-RH-02-09-2026-2-768x761.jpeg 768w\" sizes=\"auto, (max-width: 941px) 100vw, 941px\" \/><\/figure>\n\n\n\n<p><\/p>\n","protected":false},"excerpt":{"rendered":"<p>Assessoria de Comunica\u00e7\u00e3o A viol\u00eancia contra as mulheres no ambiente de trabalho nem sempre \u00e9 expl\u00edcita. Muitas vezes, ela se manifesta de forma silenciosa: em coment\u00e1rios depreciativos, constrangimentos, ass\u00e9dios, deslegitima\u00e7\u00e3o de compet\u00eancias, exclus\u00e3o de espa\u00e7os de decis\u00e3o etc. No evento &#8220;A Viol\u00eancia no trabalho velada contra as mulheres&#8221;, o Caf\u00e9 com RH promover\u00e1 um espa\u00e7o [&hellip;]<\/p>\n","protected":false},"author":19,"featured_media":0,"comment_status":"closed","ping_status":"closed","sticky":false,"template":"","format":"standard","meta":{"_exactmetrics_skip_tracking":false,"_exactmetrics_sitenote_active":false,"_exactmetrics_sitenote_note":"","_exactmetrics_sitenote_category":0,"footnotes":""},"categories":[2,4],"tags":[],"class_list":["post-3980","post","type-post","status-publish","format-standard","hentry","category-destaques","category-noticias"],"_links":{"self":[{"href":"http:\/\/icm.sites.uff.br\/index.php?rest_route=\/wp\/v2\/posts\/3980","targetHints":{"allow":["GET"]}}],"collection":[{"href":"http:\/\/icm.sites.uff.br\/index.php?rest_route=\/wp\/v2\/posts"}],"about":[{"href":"http:\/\/icm.sites.uff.br\/index.php?rest_route=\/wp\/v2\/types\/post"}],"author":[{"embeddable":true,"href":"http:\/\/icm.sites.uff.br\/index.php?rest_route=\/wp\/v2\/users\/19"}],"replies":[{"embeddable":true,"href":"http:\/\/icm.sites.uff.br\/index.php?rest_route=%2Fwp%2Fv2%2Fcomments&post=3980"}],"version-history":[{"count":1,"href":"http:\/\/icm.sites.uff.br\/index.php?rest_route=\/wp\/v2\/posts\/3980\/revisions"}],"predecessor-version":[{"id":3984,"href":"http:\/\/icm.sites.uff.br\/index.php?rest_route=\/wp\/v2\/posts\/3980\/revisions\/3984"}],"wp:attachment":[{"href":"http:\/\/icm.sites.uff.br\/index.php?rest_route=%2Fwp%2Fv2%2Fmedia&parent=3980"}],"wp:term":[{"taxonomy":"category","embeddable":true,"href":"http:\/\/icm.sites.uff.br\/index.php?rest_route=%2Fwp%2Fv2%2Fcategories&post=3980"},{"taxonomy":"post_tag","embeddable":true,"href":"http:\/\/icm.sites.uff.br\/index.php?rest_route=%2Fwp%2Fv2%2Ftags&post=3980"}],"curies":[{"name":"wp","href":"https:\/\/api.w.org\/{rel}","templated":true}]}}