{"id":3883,"date":"2026-04-29T17:59:14","date_gmt":"2026-04-29T17:59:14","guid":{"rendered":"https:\/\/icm.sites.uff.br\/?p=3883"},"modified":"2026-04-29T17:59:14","modified_gmt":"2026-04-29T17:59:14","slug":"lesuff-promove-palestra-sobre-conflitos-societarios","status":"publish","type":"post","link":"http:\/\/icm.sites.uff.br\/?p=3883","title":{"rendered":"LESUFF promove palestra sobre Conflitos Societ\u00e1rios"},"content":{"rendered":"\n<figure class=\"wp-block-image size-large is-resized\"><img loading=\"lazy\" decoding=\"async\" width=\"768\" height=\"1024\" src=\"https:\/\/icm.sites.uff.br\/wp-content\/uploads\/sites\/20\/2026\/04\/lesuff-mai-26-768x1024.jpeg\" alt=\"\" class=\"wp-image-3884\" style=\"width:377px;height:auto\" srcset=\"http:\/\/icm.sites.uff.br\/wp-content\/uploads\/sites\/20\/2026\/04\/lesuff-mai-26-768x1024.jpeg 768w, http:\/\/icm.sites.uff.br\/wp-content\/uploads\/sites\/20\/2026\/04\/lesuff-mai-26-225x300.jpeg 225w, http:\/\/icm.sites.uff.br\/wp-content\/uploads\/sites\/20\/2026\/04\/lesuff-mai-26.jpeg 960w\" sizes=\"auto, (max-width: 768px) 100vw, 768px\" \/><\/figure>\n\n\n\n<p><em>Assessoria de comunica\u00e7\u00e3o<\/em><\/p>\n\n\n\n<p>O programa de extens\u00e3o LESUFF ir\u00e1 promover uma palestra com o t\u00edtulo:<strong> S\u00f3cio ou problema? Conflitos societ\u00e1rios na pr\u00e1tica.<\/strong><\/p>\n\n\n\n<p>A palestrante \u00e9 a professora Mylena Devezas Souza do departamento de Administra\u00e7\u00e3o da UFF.<\/p>\n\n\n\n<p>O evento ser\u00e1 online via Google Meet.<br>Data: 16 de maio (s\u00e1bado)<br>Hor\u00e1rio: 9h30m a 10h30m<\/p>\n\n\n\n<p>Esperamos voc\u00eas l\u00e1!<\/p>\n","protected":false},"excerpt":{"rendered":"<p>Assessoria de comunica\u00e7\u00e3o O programa de extens\u00e3o LESUFF ir\u00e1 promover uma palestra com o t\u00edtulo: S\u00f3cio ou problema? Conflitos societ\u00e1rios na pr\u00e1tica. A palestrante \u00e9 a professora Mylena Devezas Souza do departamento de Administra\u00e7\u00e3o da UFF. O evento ser\u00e1 online via Google Meet.Data: 16 de maio (s\u00e1bado)Hor\u00e1rio: 9h30m a 10h30m Esperamos voc\u00eas l\u00e1!<\/p>\n","protected":false},"author":19,"featured_media":0,"comment_status":"closed","ping_status":"closed","sticky":false,"template":"","format":"standard","meta":{"_exactmetrics_skip_tracking":false,"_exactmetrics_sitenote_active":false,"_exactmetrics_sitenote_note":"","_exactmetrics_sitenote_category":0,"footnotes":""},"categories":[4],"tags":[],"class_list":["post-3883","post","type-post","status-publish","format-standard","hentry","category-noticias"],"_links":{"self":[{"href":"http:\/\/icm.sites.uff.br\/index.php?rest_route=\/wp\/v2\/posts\/3883","targetHints":{"allow":["GET"]}}],"collection":[{"href":"http:\/\/icm.sites.uff.br\/index.php?rest_route=\/wp\/v2\/posts"}],"about":[{"href":"http:\/\/icm.sites.uff.br\/index.php?rest_route=\/wp\/v2\/types\/post"}],"author":[{"embeddable":true,"href":"http:\/\/icm.sites.uff.br\/index.php?rest_route=\/wp\/v2\/users\/19"}],"replies":[{"embeddable":true,"href":"http:\/\/icm.sites.uff.br\/index.php?rest_route=%2Fwp%2Fv2%2Fcomments&post=3883"}],"version-history":[{"count":1,"href":"http:\/\/icm.sites.uff.br\/index.php?rest_route=\/wp\/v2\/posts\/3883\/revisions"}],"predecessor-version":[{"id":3885,"href":"http:\/\/icm.sites.uff.br\/index.php?rest_route=\/wp\/v2\/posts\/3883\/revisions\/3885"}],"wp:attachment":[{"href":"http:\/\/icm.sites.uff.br\/index.php?rest_route=%2Fwp%2Fv2%2Fmedia&parent=3883"}],"wp:term":[{"taxonomy":"category","embeddable":true,"href":"http:\/\/icm.sites.uff.br\/index.php?rest_route=%2Fwp%2Fv2%2Fcategories&post=3883"},{"taxonomy":"post_tag","embeddable":true,"href":"http:\/\/icm.sites.uff.br\/index.php?rest_route=%2Fwp%2Fv2%2Ftags&post=3883"}],"curies":[{"name":"wp","href":"https:\/\/api.w.org\/{rel}","templated":true}]}}